{"id":4105,"date":"2025-09-23T17:41:33","date_gmt":"2025-09-23T17:41:33","guid":{"rendered":"https:\/\/diseart.ie\/?p=4105"},"modified":"2025-09-23T18:00:14","modified_gmt":"2025-09-23T18:00:14","slug":"bi-i-dailtire-ar-feadh-lae","status":"publish","type":"post","link":"https:\/\/diseart.ie\/ga\/bi-i-dailtire-ar-feadh-lae\/","title":{"rendered":"B\u00ed i d\u2019ailtire ar feadh lae"},"content":{"rendered":"\t\t<div data-elementor-type=\"wp-post\" data-elementor-id=\"4105\" class=\"elementor elementor-4105 elementor-4093\" data-elementor-post-type=\"post\">\n\t\t\t\t\t\t<section class=\"elementor-section elementor-top-section elementor-element elementor-element-2df0d46 elementor-section-boxed elementor-section-height-default elementor-section-height-default\" data-id=\"2df0d46\" data-element_type=\"section\">\n\t\t\t\t\t\t<div class=\"elementor-container elementor-column-gap-default\">\n\t\t\t\t\t<div class=\"elementor-column elementor-col-33 elementor-top-column elementor-element elementor-element-f5e32ee\" data-id=\"f5e32ee\" data-element_type=\"column\">\n\t\t\t<div class=\"elementor-widget-wrap elementor-element-populated\">\n\t\t\t\t\t\t<div class=\"elementor-element elementor-element-779f1c4 elementor-widget elementor-widget-image\" data-id=\"779f1c4\" data-element_type=\"widget\" data-widget_type=\"image.default\">\n\t\t\t\t<div class=\"elementor-widget-container\">\n\t\t\t\t\t\t\t\t\t\t\t\t\t\t\t<img fetchpriority=\"high\" decoding=\"async\" width=\"1024\" height=\"678\" src=\"https:\/\/diseart.ie\/wp-content\/uploads\/2025\/09\/Ben-at-Anascaul-Lake-II-1024x678.jpg\" class=\"attachment-large size-large wp-image-4096\" alt=\"Artist Ben Dearnley standing in Annascaul\" srcset=\"https:\/\/diseart.ie\/wp-content\/uploads\/2025\/09\/Ben-at-Anascaul-Lake-II-1024x678.jpg 1024w, https:\/\/diseart.ie\/wp-content\/uploads\/2025\/09\/Ben-at-Anascaul-Lake-II-300x199.jpg 300w, https:\/\/diseart.ie\/wp-content\/uploads\/2025\/09\/Ben-at-Anascaul-Lake-II-768x509.jpg 768w, https:\/\/diseart.ie\/wp-content\/uploads\/2025\/09\/Ben-at-Anascaul-Lake-II-1536x1017.jpg 1536w, https:\/\/diseart.ie\/wp-content\/uploads\/2025\/09\/Ben-at-Anascaul-Lake-II-2048x1356.jpg 2048w, https:\/\/diseart.ie\/wp-content\/uploads\/2025\/09\/Ben-at-Anascaul-Lake-II-600x397.jpg 600w\" sizes=\"(max-width: 1024px) 100vw, 1024px\" \/>\t\t\t\t\t\t\t\t\t\t\t\t\t\t\t<\/div>\n\t\t\t\t<\/div>\n\t\t\t\t\t<\/div>\n\t\t<\/div>\n\t\t\t\t<div class=\"elementor-column elementor-col-66 elementor-top-column elementor-element elementor-element-618b29f\" data-id=\"618b29f\" data-element_type=\"column\">\n\t\t\t<div class=\"elementor-widget-wrap elementor-element-populated\">\n\t\t\t\t\t\t<div class=\"elementor-element elementor-element-6be78dc elementor-widget elementor-widget-text-editor\" data-id=\"6be78dc\" data-element_type=\"widget\" data-widget_type=\"text-editor.default\">\n\t\t\t\t<div class=\"elementor-widget-container\">\n\t\t\t\t\t\t\t\t\t<p>Leis an \u2018Seisi\u00fan Eala\u00edne Oscailte\u2019 seo, bainfear \u00fas\u00e1id as sampla\u00ed d\u2019ailtireacht strucht\u00farach An Diseart mar aon le roinnt \u00edomh\u00e1nna d\u2019fhoirgint\u00ed \u00edoc\u00f3nacha \u00e1iti\u00fala, ar n\u00f3s S\u00e9ip\u00e9il\u00edn Ghallarais, Ionad an Bhlascaoid, n\u00f3 tigh nua-aimseartha fi\u00fa&#8230; b\u00ed i dteannta an dealbh\u00f3ra idirn\u00e1isi\u00fanta Ben Dearnley agus glac p\u00e1irt sa cheardlann ina bhfoghlaimeoimid mar gheall ar chuid des na pr\u00edomhghn\u00e9ithe a bhaineann le bheith i d\u2019ailtire. N\u00ed g\u00e1 aon taith\u00ed roimhe r\u00e9, b\u00ed ann, sin an m\u00e9id, agus faigh taith\u00ed leis an Ailtireacht! Cruthaigh do dheara\u00ed f\u00e9in lena gcur isteach i mionsamhail de r\u00e9ir sc\u00e1la an tr\u00e1thn\u00f3na \u2018Mo Bhaile Fearainn\u2019 agus f\u00e9ach ar na gn\u00e9ithe pearsanta a bhaineann le bheith i d\u2019ailtire ar feadh lae, agus aitheantas \u00e1 thabhairt don D\u00falra mar cheann des na hailtir\u00ed is m\u00f3 sa tsaol.<\/p><p>An D\u00edseart, 1:30 in D\u00e9 Domhnaigh, Me\u00e1n Fomhair\u00a0 29 , 2025.\u00a0<\/p><p>Saor in aisce, f\u00e1ilte roimh C\u00e1ch.<\/p>\t\t\t\t\t\t\t\t<\/div>\n\t\t\t\t<\/div>\n\t\t\t\t<div class=\"elementor-element elementor-element-8c1f568 elementor-widget elementor-widget-image\" data-id=\"8c1f568\" data-element_type=\"widget\" data-widget_type=\"image.default\">\n\t\t\t\t<div class=\"elementor-widget-container\">\n\t\t\t\t\t\t\t\t\t\t\t\t\t\t\t<img decoding=\"async\" width=\"300\" height=\"97\" src=\"https:\/\/diseart.ie\/wp-content\/uploads\/2025\/09\/Architecture-Kerry-300x97-1.jpg\" class=\"attachment-large size-large wp-image-4101\" alt=\"Architecture Kerry logo\" \/>\t\t\t\t\t\t\t\t\t\t\t\t\t\t\t<\/div>\n\t\t\t\t<\/div>\n\t\t\t\t\t<\/div>\n\t\t<\/div>\n\t\t\t\t\t<\/div>\n\t\t<\/section>\n\t\t\t\t<\/div>\n\t\t","protected":false},"excerpt":{"rendered":"<p>Leis an \u2018Seisi\u00fan Eala\u00edne Oscailte\u2019 seo, bainfear \u00fas\u00e1id as sampla\u00ed d\u2019ailtireacht strucht\u00farach An Diseart mar aon le roinnt \u00edomh\u00e1nna d\u2019fhoirgint\u00ed \u00edoc\u00f3nacha \u00e1iti\u00fala, ar n\u00f3s S\u00e9ip\u00e9il\u00edn Ghallarais, Ionad an Bhlascaoid, n\u00f3 tigh nua-aimseartha fi\u00fa&#8230; b\u00ed i dteannta an dealbh\u00f3ra idirn\u00e1isi\u00fanta Ben Dearnley agus glac p\u00e1irt sa cheardlann ina bhfoghlaimeoimid mar gheall ar chuid des na pr\u00edomhghn\u00e9ithe [&hellip;]<\/p>\n","protected":false},"author":4,"featured_media":0,"comment_status":"open","ping_status":"open","sticky":false,"template":"","format":"standard","meta":{"om_disable_all_campaigns":false,"_monsterinsights_skip_tracking":false,"_monsterinsights_sitenote_active":false,"_monsterinsights_sitenote_note":"","_monsterinsights_sitenote_category":0,"_uf_show_specific_survey":0,"_uf_disable_surveys":false,"ocean_post_layout":"","ocean_both_sidebars_style":"","ocean_both_sidebars_content_width":0,"ocean_both_sidebars_sidebars_width":0,"ocean_sidebar":"","ocean_second_sidebar":"","ocean_disable_margins":"enable","ocean_add_body_class":"","ocean_shortcode_before_top_bar":"","ocean_shortcode_after_top_bar":"","ocean_shortcode_before_header":"","ocean_shortcode_after_header":"","ocean_has_shortcode":"","ocean_shortcode_after_title":"","ocean_shortcode_before_footer_widgets":"","ocean_shortcode_after_footer_widgets":"","ocean_shortcode_before_footer_bottom":"","ocean_shortcode_after_footer_bottom":"","ocean_display_top_bar":"default","ocean_display_header":"default","ocean_header_style":"","ocean_center_header_left_menu":"","ocean_custom_header_template":"","ocean_custom_logo":0,"ocean_custom_retina_logo":0,"ocean_custom_logo_max_width":0,"ocean_custom_logo_tablet_max_width":0,"ocean_custom_logo_mobile_max_width":0,"ocean_custom_logo_max_height":0,"ocean_custom_logo_tablet_max_height":0,"ocean_custom_logo_mobile_max_height":0,"ocean_header_custom_menu":"","ocean_menu_typo_font_family":"","ocean_menu_typo_font_subset":"","ocean_menu_typo_font_size":0,"ocean_menu_typo_font_size_tablet":0,"ocean_menu_typo_font_size_mobile":0,"ocean_menu_typo_font_size_unit":"px","ocean_menu_typo_font_weight":"","ocean_menu_typo_font_weight_tablet":"","ocean_menu_typo_font_weight_mobile":"","ocean_menu_typo_transform":"","ocean_menu_typo_transform_tablet":"","ocean_menu_typo_transform_mobile":"","ocean_menu_typo_line_height":0,"ocean_menu_typo_line_height_tablet":0,"ocean_menu_typo_line_height_mobile":0,"ocean_menu_typo_line_height_unit":"","ocean_menu_typo_spacing":0,"ocean_menu_typo_spacing_tablet":0,"ocean_menu_typo_spacing_mobile":0,"ocean_menu_typo_spacing_unit":"","ocean_menu_link_color":"","ocean_menu_link_color_hover":"","ocean_menu_link_color_active":"","ocean_menu_link_background":"","ocean_menu_link_hover_background":"","ocean_menu_link_active_background":"","ocean_menu_social_links_bg":"","ocean_menu_social_hover_links_bg":"","ocean_menu_social_links_color":"","ocean_menu_social_hover_links_color":"","ocean_disable_title":"default","ocean_disable_heading":"default","ocean_post_title":"","ocean_post_subheading":"","ocean_post_title_style":"","ocean_post_title_background_color":"","ocean_post_title_background":0,"ocean_post_title_bg_image_position":"","ocean_post_title_bg_image_attachment":"","ocean_post_title_bg_image_repeat":"","ocean_post_title_bg_image_size":"","ocean_post_title_height":0,"ocean_post_title_bg_overlay":0.5,"ocean_post_title_bg_overlay_color":"","ocean_disable_breadcrumbs":"default","ocean_breadcrumbs_color":"","ocean_breadcrumbs_separator_color":"","ocean_breadcrumbs_links_color":"","ocean_breadcrumbs_links_hover_color":"","ocean_display_footer_widgets":"default","ocean_display_footer_bottom":"default","ocean_custom_footer_template":"","ocean_post_oembed":"","ocean_post_self_hosted_media":"","ocean_post_video_embed":"","ocean_link_format":"","ocean_link_format_target":"self","ocean_quote_format":"","ocean_quote_format_link":"post","ocean_gallery_link_images":"on","ocean_gallery_id":[],"footnotes":""},"categories":[10],"tags":[],"class_list":["post-4105","post","type-post","status-publish","format-standard","hentry","category-uncategorized-ga","entry","owp-thumbs-layout-horizontal","owp-btn-normal","owp-tabs-layout-horizontal","has-no-thumbnails","has-product-nav"],"aioseo_notices":[],"yoast_head":"<!-- This site is optimized with the Yoast SEO plugin v26.4 - https:\/\/yoast.com\/wordpress\/plugins\/seo\/ -->\n<title>B\u00ed i d\u2019ailtire ar feadh lae - D\u00edseart Institute of Irish Spirituality and Culture in Dingle<\/title>\n<meta name=\"robots\" content=\"index, follow, max-snippet:-1, max-image-preview:large, max-video-preview:-1\" \/>\n<link rel=\"canonical\" href=\"https:\/\/diseart.ie\/ga\/bi-i-dailtire-ar-feadh-lae\/\" \/>\n<meta property=\"og:locale\" content=\"ga_IE\" \/>\n<meta property=\"og:type\" content=\"article\" \/>\n<meta property=\"og:title\" content=\"B\u00ed i d\u2019ailtire ar feadh lae - D\u00edseart Institute of Irish Spirituality and Culture in Dingle\" \/>\n<meta property=\"og:description\" content=\"Leis an \u2018Seisi\u00fan Eala\u00edne Oscailte\u2019 seo, bainfear \u00fas\u00e1id as sampla\u00ed d\u2019ailtireacht strucht\u00farach An Diseart mar aon le roinnt \u00edomh\u00e1nna d\u2019fhoirgint\u00ed \u00edoc\u00f3nacha \u00e1iti\u00fala, ar n\u00f3s S\u00e9ip\u00e9il\u00edn Ghallarais, Ionad an Bhlascaoid, n\u00f3 tigh nua-aimseartha fi\u00fa&#8230; b\u00ed i dteannta an dealbh\u00f3ra idirn\u00e1isi\u00fanta Ben Dearnley agus glac p\u00e1irt sa cheardlann ina bhfoghlaimeoimid mar gheall ar chuid des na pr\u00edomhghn\u00e9ithe [&hellip;]\" \/>\n<meta property=\"og:url\" content=\"https:\/\/diseart.ie\/ga\/bi-i-dailtire-ar-feadh-lae\/\" \/>\n<meta property=\"og:site_name\" content=\"D\u00edseart Institute of Irish Spirituality and Culture in Dingle\" \/>\n<meta property=\"article:publisher\" content=\"https:\/\/www.facebook.com\/An-D%c3%adseart-262189877130385\/?ref=br_rs\" \/>\n<meta property=\"article:published_time\" content=\"2025-09-23T17:41:33+00:00\" \/>\n<meta property=\"article:modified_time\" content=\"2025-09-23T18:00:14+00:00\" \/>\n<meta property=\"og:image\" content=\"https:\/\/diseart.ie\/wp-content\/uploads\/2025\/09\/Ben-at-Anascaul-Lake-II-1024x678.jpg\" \/>\n\t<meta property=\"og:image:width\" content=\"1024\" \/>\n\t<meta property=\"og:image:height\" content=\"678\" \/>\n\t<meta property=\"og:image:type\" content=\"image\/jpeg\" \/>\n<meta name=\"author\" content=\"Joan Maguire\" \/>\n<meta name=\"twitter:card\" content=\"summary_large_image\" \/>\n<meta name=\"twitter:label1\" content=\"Written by\" \/>\n\t<meta name=\"twitter:data1\" content=\"Joan Maguire\" \/>\n\t<meta name=\"twitter:label2\" content=\"Est. reading time\" \/>\n\t<meta name=\"twitter:data2\" content=\"2 minutes\" \/>\n<script type=\"application\/ld+json\" class=\"yoast-schema-graph\">{\"@context\":\"https:\/\/schema.org\",\"@graph\":[{\"@type\":\"Article\",\"@id\":\"https:\/\/diseart.ie\/ga\/bi-i-dailtire-ar-feadh-lae\/#article\",\"isPartOf\":{\"@id\":\"https:\/\/diseart.ie\/ga\/bi-i-dailtire-ar-feadh-lae\/\"},\"author\":{\"name\":\"Joan Maguire\",\"@id\":\"https:\/\/diseart.ie\/#\/schema\/person\/064982f8936daaba4eaa3178381fd41a\"},\"headline\":\"B\u00ed i d\u2019ailtire ar feadh lae\",\"datePublished\":\"2025-09-23T17:41:33+00:00\",\"dateModified\":\"2025-09-23T18:00:14+00:00\",\"mainEntityOfPage\":{\"@id\":\"https:\/\/diseart.ie\/ga\/bi-i-dailtire-ar-feadh-lae\/\"},\"wordCount\":178,\"commentCount\":0,\"publisher\":{\"@id\":\"https:\/\/diseart.ie\/#organization\"},\"image\":{\"@id\":\"https:\/\/diseart.ie\/ga\/bi-i-dailtire-ar-feadh-lae\/#primaryimage\"},\"thumbnailUrl\":\"https:\/\/diseart.ie\/wp-content\/uploads\/2025\/09\/Ben-at-Anascaul-Lake-II-1024x678.jpg\",\"articleSection\":[\"Uncategorized @ga\"],\"inLanguage\":\"ga-IE\",\"potentialAction\":[{\"@type\":\"CommentAction\",\"name\":\"Comment\",\"target\":[\"https:\/\/diseart.ie\/ga\/bi-i-dailtire-ar-feadh-lae\/#respond\"]}]},{\"@type\":\"WebPage\",\"@id\":\"https:\/\/diseart.ie\/ga\/bi-i-dailtire-ar-feadh-lae\/\",\"url\":\"https:\/\/diseart.ie\/ga\/bi-i-dailtire-ar-feadh-lae\/\",\"name\":\"B\u00ed i d\u2019ailtire ar feadh lae - D\u00edseart Institute of Irish Spirituality and Culture in Dingle\",\"isPartOf\":{\"@id\":\"https:\/\/diseart.ie\/#website\"},\"primaryImageOfPage\":{\"@id\":\"https:\/\/diseart.ie\/ga\/bi-i-dailtire-ar-feadh-lae\/#primaryimage\"},\"image\":{\"@id\":\"https:\/\/diseart.ie\/ga\/bi-i-dailtire-ar-feadh-lae\/#primaryimage\"},\"thumbnailUrl\":\"https:\/\/diseart.ie\/wp-content\/uploads\/2025\/09\/Ben-at-Anascaul-Lake-II-1024x678.jpg\",\"datePublished\":\"2025-09-23T17:41:33+00:00\",\"dateModified\":\"2025-09-23T18:00:14+00:00\",\"breadcrumb\":{\"@id\":\"https:\/\/diseart.ie\/ga\/bi-i-dailtire-ar-feadh-lae\/#breadcrumb\"},\"inLanguage\":\"ga-IE\",\"potentialAction\":[{\"@type\":\"ReadAction\",\"target\":[\"https:\/\/diseart.ie\/ga\/bi-i-dailtire-ar-feadh-lae\/\"]}]},{\"@type\":\"ImageObject\",\"inLanguage\":\"ga-IE\",\"@id\":\"https:\/\/diseart.ie\/ga\/bi-i-dailtire-ar-feadh-lae\/#primaryimage\",\"url\":\"https:\/\/diseart.ie\/wp-content\/uploads\/2025\/09\/Ben-at-Anascaul-Lake-II-1024x678.jpg\",\"contentUrl\":\"https:\/\/diseart.ie\/wp-content\/uploads\/2025\/09\/Ben-at-Anascaul-Lake-II-1024x678.jpg\"},{\"@type\":\"BreadcrumbList\",\"@id\":\"https:\/\/diseart.ie\/ga\/bi-i-dailtire-ar-feadh-lae\/#breadcrumb\",\"itemListElement\":[{\"@type\":\"ListItem\",\"position\":1,\"name\":\"Home\",\"item\":\"https:\/\/diseart.ie\/ga\/\"},{\"@type\":\"ListItem\",\"position\":2,\"name\":\"B\u00ed i d\u2019ailtire ar feadh lae\"}]},{\"@type\":\"WebSite\",\"@id\":\"https:\/\/diseart.ie\/#website\",\"url\":\"https:\/\/diseart.ie\/\",\"name\":\"D\u00edseart Institute of Irish Spirituality and Culture in Dingle\",\"description\":\"Dingle, Kerry, Ireland\",\"publisher\":{\"@id\":\"https:\/\/diseart.ie\/#organization\"},\"potentialAction\":[{\"@type\":\"SearchAction\",\"target\":{\"@type\":\"EntryPoint\",\"urlTemplate\":\"https:\/\/diseart.ie\/?s={search_term_string}\"},\"query-input\":{\"@type\":\"PropertyValueSpecification\",\"valueRequired\":true,\"valueName\":\"search_term_string\"}}],\"inLanguage\":\"ga-IE\"},{\"@type\":\"Organization\",\"@id\":\"https:\/\/diseart.ie\/#organization\",\"name\":\"D\u00edseart Centre of Irish Spirituality and Culture\",\"url\":\"https:\/\/diseart.ie\/\",\"logo\":{\"@type\":\"ImageObject\",\"inLanguage\":\"ga-IE\",\"@id\":\"https:\/\/diseart.ie\/#\/schema\/logo\/image\/\",\"url\":\"http:\/\/diseart.ie\/wp-content\/uploads\/2018\/06\/diseart-logo-v2.png\",\"contentUrl\":\"http:\/\/diseart.ie\/wp-content\/uploads\/2018\/06\/diseart-logo-v2.png\",\"width\":400,\"height\":150,\"caption\":\"D\u00edseart Centre of Irish Spirituality and Culture\"},\"image\":{\"@id\":\"https:\/\/diseart.ie\/#\/schema\/logo\/image\/\"},\"sameAs\":[\"https:\/\/www.facebook.com\/An-D\u00edseart-262189877130385\/?ref=br_rs\"]},{\"@type\":\"Person\",\"@id\":\"https:\/\/diseart.ie\/#\/schema\/person\/064982f8936daaba4eaa3178381fd41a\",\"name\":\"Joan Maguire\",\"image\":{\"@type\":\"ImageObject\",\"inLanguage\":\"ga-IE\",\"@id\":\"https:\/\/diseart.ie\/#\/schema\/person\/image\/\",\"url\":\"https:\/\/secure.gravatar.com\/avatar\/6b2d921a7d42db58382eed6b435a601071e5ff35cab3ab4986eee6ebd74e1842?s=96&d=mm&r=g\",\"contentUrl\":\"https:\/\/secure.gravatar.com\/avatar\/6b2d921a7d42db58382eed6b435a601071e5ff35cab3ab4986eee6ebd74e1842?s=96&d=mm&r=g\",\"caption\":\"Joan Maguire\"}}]}<\/script>\n<!-- \/ Yoast SEO plugin. -->","yoast_head_json":{"title":"B\u00ed i d\u2019ailtire ar feadh lae - D\u00edseart Institute of Irish Spirituality and Culture in Dingle","robots":{"index":"index","follow":"follow","max-snippet":"max-snippet:-1","max-image-preview":"max-image-preview:large","max-video-preview":"max-video-preview:-1"},"canonical":"https:\/\/diseart.ie\/ga\/bi-i-dailtire-ar-feadh-lae\/","og_locale":"ga_IE","og_type":"article","og_title":"B\u00ed i d\u2019ailtire ar feadh lae - D\u00edseart Institute of Irish Spirituality and Culture in Dingle","og_description":"Leis an \u2018Seisi\u00fan Eala\u00edne Oscailte\u2019 seo, bainfear \u00fas\u00e1id as sampla\u00ed d\u2019ailtireacht strucht\u00farach An Diseart mar aon le roinnt \u00edomh\u00e1nna d\u2019fhoirgint\u00ed \u00edoc\u00f3nacha \u00e1iti\u00fala, ar n\u00f3s S\u00e9ip\u00e9il\u00edn Ghallarais, Ionad an Bhlascaoid, n\u00f3 tigh nua-aimseartha fi\u00fa&#8230; b\u00ed i dteannta an dealbh\u00f3ra idirn\u00e1isi\u00fanta Ben Dearnley agus glac p\u00e1irt sa cheardlann ina bhfoghlaimeoimid mar gheall ar chuid des na pr\u00edomhghn\u00e9ithe [&hellip;]","og_url":"https:\/\/diseart.ie\/ga\/bi-i-dailtire-ar-feadh-lae\/","og_site_name":"D\u00edseart Institute of Irish Spirituality and Culture in Dingle","article_publisher":"https:\/\/www.facebook.com\/An-D%c3%adseart-262189877130385\/?ref=br_rs","article_published_time":"2025-09-23T17:41:33+00:00","article_modified_time":"2025-09-23T18:00:14+00:00","og_image":[{"width":1024,"height":678,"url":"https:\/\/diseart.ie\/wp-content\/uploads\/2025\/09\/Ben-at-Anascaul-Lake-II-1024x678.jpg","type":"image\/jpeg"}],"author":"Joan Maguire","twitter_card":"summary_large_image","twitter_misc":{"Written by":"Joan Maguire","Est. reading time":"2 minutes"},"schema":{"@context":"https:\/\/schema.org","@graph":[{"@type":"Article","@id":"https:\/\/diseart.ie\/ga\/bi-i-dailtire-ar-feadh-lae\/#article","isPartOf":{"@id":"https:\/\/diseart.ie\/ga\/bi-i-dailtire-ar-feadh-lae\/"},"author":{"name":"Joan Maguire","@id":"https:\/\/diseart.ie\/#\/schema\/person\/064982f8936daaba4eaa3178381fd41a"},"headline":"B\u00ed i d\u2019ailtire ar feadh lae","datePublished":"2025-09-23T17:41:33+00:00","dateModified":"2025-09-23T18:00:14+00:00","mainEntityOfPage":{"@id":"https:\/\/diseart.ie\/ga\/bi-i-dailtire-ar-feadh-lae\/"},"wordCount":178,"commentCount":0,"publisher":{"@id":"https:\/\/diseart.ie\/#organization"},"image":{"@id":"https:\/\/diseart.ie\/ga\/bi-i-dailtire-ar-feadh-lae\/#primaryimage"},"thumbnailUrl":"https:\/\/diseart.ie\/wp-content\/uploads\/2025\/09\/Ben-at-Anascaul-Lake-II-1024x678.jpg","articleSection":["Uncategorized @ga"],"inLanguage":"ga-IE","potentialAction":[{"@type":"CommentAction","name":"Comment","target":["https:\/\/diseart.ie\/ga\/bi-i-dailtire-ar-feadh-lae\/#respond"]}]},{"@type":"WebPage","@id":"https:\/\/diseart.ie\/ga\/bi-i-dailtire-ar-feadh-lae\/","url":"https:\/\/diseart.ie\/ga\/bi-i-dailtire-ar-feadh-lae\/","name":"B\u00ed i d\u2019ailtire ar feadh lae - D\u00edseart Institute of Irish Spirituality and Culture in Dingle","isPartOf":{"@id":"https:\/\/diseart.ie\/#website"},"primaryImageOfPage":{"@id":"https:\/\/diseart.ie\/ga\/bi-i-dailtire-ar-feadh-lae\/#primaryimage"},"image":{"@id":"https:\/\/diseart.ie\/ga\/bi-i-dailtire-ar-feadh-lae\/#primaryimage"},"thumbnailUrl":"https:\/\/diseart.ie\/wp-content\/uploads\/2025\/09\/Ben-at-Anascaul-Lake-II-1024x678.jpg","datePublished":"2025-09-23T17:41:33+00:00","dateModified":"2025-09-23T18:00:14+00:00","breadcrumb":{"@id":"https:\/\/diseart.ie\/ga\/bi-i-dailtire-ar-feadh-lae\/#breadcrumb"},"inLanguage":"ga-IE","potentialAction":[{"@type":"ReadAction","target":["https:\/\/diseart.ie\/ga\/bi-i-dailtire-ar-feadh-lae\/"]}]},{"@type":"ImageObject","inLanguage":"ga-IE","@id":"https:\/\/diseart.ie\/ga\/bi-i-dailtire-ar-feadh-lae\/#primaryimage","url":"https:\/\/diseart.ie\/wp-content\/uploads\/2025\/09\/Ben-at-Anascaul-Lake-II-1024x678.jpg","contentUrl":"https:\/\/diseart.ie\/wp-content\/uploads\/2025\/09\/Ben-at-Anascaul-Lake-II-1024x678.jpg"},{"@type":"BreadcrumbList","@id":"https:\/\/diseart.ie\/ga\/bi-i-dailtire-ar-feadh-lae\/#breadcrumb","itemListElement":[{"@type":"ListItem","position":1,"name":"Home","item":"https:\/\/diseart.ie\/ga\/"},{"@type":"ListItem","position":2,"name":"B\u00ed i d\u2019ailtire ar feadh lae"}]},{"@type":"WebSite","@id":"https:\/\/diseart.ie\/#website","url":"https:\/\/diseart.ie\/","name":"D\u00edseart Institute of Irish Spirituality and Culture in Dingle","description":"Dingle, Kerry, Ireland","publisher":{"@id":"https:\/\/diseart.ie\/#organization"},"potentialAction":[{"@type":"SearchAction","target":{"@type":"EntryPoint","urlTemplate":"https:\/\/diseart.ie\/?s={search_term_string}"},"query-input":{"@type":"PropertyValueSpecification","valueRequired":true,"valueName":"search_term_string"}}],"inLanguage":"ga-IE"},{"@type":"Organization","@id":"https:\/\/diseart.ie\/#organization","name":"D\u00edseart Centre of Irish Spirituality and Culture","url":"https:\/\/diseart.ie\/","logo":{"@type":"ImageObject","inLanguage":"ga-IE","@id":"https:\/\/diseart.ie\/#\/schema\/logo\/image\/","url":"http:\/\/diseart.ie\/wp-content\/uploads\/2018\/06\/diseart-logo-v2.png","contentUrl":"http:\/\/diseart.ie\/wp-content\/uploads\/2018\/06\/diseart-logo-v2.png","width":400,"height":150,"caption":"D\u00edseart Centre of Irish Spirituality and Culture"},"image":{"@id":"https:\/\/diseart.ie\/#\/schema\/logo\/image\/"},"sameAs":["https:\/\/www.facebook.com\/An-D\u00edseart-262189877130385\/?ref=br_rs"]},{"@type":"Person","@id":"https:\/\/diseart.ie\/#\/schema\/person\/064982f8936daaba4eaa3178381fd41a","name":"Joan Maguire","image":{"@type":"ImageObject","inLanguage":"ga-IE","@id":"https:\/\/diseart.ie\/#\/schema\/person\/image\/","url":"https:\/\/secure.gravatar.com\/avatar\/6b2d921a7d42db58382eed6b435a601071e5ff35cab3ab4986eee6ebd74e1842?s=96&d=mm&r=g","contentUrl":"https:\/\/secure.gravatar.com\/avatar\/6b2d921a7d42db58382eed6b435a601071e5ff35cab3ab4986eee6ebd74e1842?s=96&d=mm&r=g","caption":"Joan Maguire"}}]}},"_links":{"self":[{"href":"https:\/\/diseart.ie\/ga\/wp-json\/wp\/v2\/posts\/4105","targetHints":{"allow":["GET"]}}],"collection":[{"href":"https:\/\/diseart.ie\/ga\/wp-json\/wp\/v2\/posts"}],"about":[{"href":"https:\/\/diseart.ie\/ga\/wp-json\/wp\/v2\/types\/post"}],"author":[{"embeddable":true,"href":"https:\/\/diseart.ie\/ga\/wp-json\/wp\/v2\/users\/4"}],"replies":[{"embeddable":true,"href":"https:\/\/diseart.ie\/ga\/wp-json\/wp\/v2\/comments?post=4105"}],"version-history":[{"count":7,"href":"https:\/\/diseart.ie\/ga\/wp-json\/wp\/v2\/posts\/4105\/revisions"}],"predecessor-version":[{"id":4113,"href":"https:\/\/diseart.ie\/ga\/wp-json\/wp\/v2\/posts\/4105\/revisions\/4113"}],"wp:attachment":[{"href":"https:\/\/diseart.ie\/ga\/wp-json\/wp\/v2\/media?parent=4105"}],"wp:term":[{"taxonomy":"category","embeddable":true,"href":"https:\/\/diseart.ie\/ga\/wp-json\/wp\/v2\/categories?post=4105"},{"taxonomy":"post_tag","embeddable":true,"href":"https:\/\/diseart.ie\/ga\/wp-json\/wp\/v2\/tags?post=4105"}],"curies":[{"name":"wp","href":"https:\/\/api.w.org\/{rel}","templated":true}]}}