{"id":1851,"date":"2021-07-27T16:57:17","date_gmt":"2021-07-27T16:57:17","guid":{"rendered":"https:\/\/diseart.ie\/?p=1851"},"modified":"2021-07-27T16:57:49","modified_gmt":"2021-07-27T16:57:49","slug":"ceolchoirmeacha-sa-ghairdin","status":"publish","type":"post","link":"https:\/\/diseart.ie\/ga\/ceolchoirmeacha-sa-ghairdin\/","title":{"rendered":"Ceolchoirmeacha sa Ghaird\u00edn"},"content":{"rendered":"\t\t<div data-elementor-type=\"wp-post\" data-elementor-id=\"1851\" class=\"elementor elementor-1851 elementor-1737\" data-elementor-post-type=\"post\">\n\t\t\t\t\t\t<section class=\"elementor-section elementor-top-section elementor-element elementor-element-0328c59 elementor-section-boxed elementor-section-height-default elementor-section-height-default\" data-id=\"0328c59\" data-element_type=\"section\">\n\t\t\t\t\t\t<div class=\"elementor-container elementor-column-gap-default\">\n\t\t\t\t\t<div class=\"elementor-column elementor-col-50 elementor-top-column elementor-element elementor-element-223d2d0\" data-id=\"223d2d0\" data-element_type=\"column\">\n\t\t\t<div class=\"elementor-widget-wrap elementor-element-populated\">\n\t\t\t\t\t\t<div class=\"elementor-element elementor-element-cf42801 elementor-widget elementor-widget-heading\" data-id=\"cf42801\" data-element_type=\"widget\" data-widget_type=\"heading.default\">\n\t\t\t\t<div class=\"elementor-widget-container\">\n\t\t\t\t\t<h2 class=\"elementor-heading-title elementor-size-default\">Ceolchoirmeacha\/ Concerts<\/h2>\t\t\t\t<\/div>\n\t\t\t\t<\/div>\n\t\t\t\t<div class=\"elementor-element elementor-element-532e42e elementor-widget elementor-widget-text-editor\" data-id=\"532e42e\" data-element_type=\"widget\" data-widget_type=\"text-editor.default\">\n\t\t\t\t<div class=\"elementor-widget-container\">\n\t\t\t\t\t\t\t\t\t<p>Seo a leanas na ceolt\u00f3ir\u00ed a bheidh ag seimint i nG\u00e1ird\u00edn\u00ed an D\u00edsirt. T\u00e1imid bu\u00edoch d&#8217;Eala\u00edn na Gaeltachta as a dtaca\u00edocht. Beidh na coirmeacha seo saor in aisce ach beidh teora leis na huimhreacha do r\u00e9ir srianta na pand\u00e9ime. Beidh bosca\u00ed bailithe airgid ann m\u00e1s mian libh tac\u00fa le obair an D\u00edseart. Beir libh cas\u00f3ga b\u00e1ist\u00ed ar eagla na heagla! T\u00e1imid bu\u00edoch leis do Chomharchumann Forbartha Chorca Dhuibhne and do Mhark Murphy.<\/p><p>D\u00e9ardaoin\/<em><span style=\"color: #000080;\">Thursday<\/span><\/em>, 22 I\u00fail\/<em><span style=\"color: #000080;\">July<\/span> <\/em>1-2in Aoife agus Deirdre Granville<\/p><p>D\u00e9ardaoin\/<em><span style=\"color: #000080;\">Thursday<\/span><\/em>, 29 I\u00fail\/<em><span style=\"color: #000080;\">July <\/span><\/em>\u00a01-2in M\u00e9abh N\u00ed Bheaglaoich agus Niamh Varian-Barry<\/p><p>D\u00e9ardaoin\/<em><span style=\"color: #000080;\">Thursday<\/span><\/em>, 5 L\u00fanasa<span style=\"color: #000080;\"><em>\/August<\/em><\/span> 1-2 Cliodhna N\u00ed Bheaglaoich agus Eoin \u00d3 Beaglaoich<\/p><p>D\u00e9ardaoin\/<em><span style=\"color: #000080;\">Thursday<\/span><\/em>, 12 L\u00fanasa<span style=\"color: #000080;\"><em>\/August<\/em><\/span>\u00a01-2 Br\u00edd Donnelly agus Cillian \u00d3 Briain<\/p><p>Deardaoin\/<em><span style=\"color: #000080;\">Thursday<\/span><\/em>, 19 L\u00fanasa<span style=\"color: #000080;\"><em>\/August<\/em><\/span> 1-2 Muireann Nic Amhlaoibh agus Gerry O&#8217;Beirne<\/p><p>\u00a0<\/p>\t\t\t\t\t\t\t\t<\/div>\n\t\t\t\t<\/div>\n\t\t\t\t\t<\/div>\n\t\t<\/div>\n\t\t\t\t<div class=\"elementor-column elementor-col-50 elementor-top-column elementor-element elementor-element-9a047ea\" data-id=\"9a047ea\" data-element_type=\"column\">\n\t\t\t<div class=\"elementor-widget-wrap elementor-element-populated\">\n\t\t\t\t\t\t<div class=\"elementor-element elementor-element-19f320d elementor-widget elementor-widget-image\" data-id=\"19f320d\" data-element_type=\"widget\" data-widget_type=\"image.default\">\n\t\t\t\t<div class=\"elementor-widget-container\">\n\t\t\t\t\t\t\t\t\t\t\t\t\t\t\t<img fetchpriority=\"high\" decoding=\"async\" width=\"1024\" height=\"683\" src=\"https:\/\/diseart.ie\/wp-content\/uploads\/2021\/06\/Feile-na-Bealtaine.Photos-Fiona-Morgan.206-1024x683.jpg\" class=\"attachment-large size-large wp-image-1520\" alt=\"Family tree Garden An D\u00edseart\" srcset=\"https:\/\/diseart.ie\/wp-content\/uploads\/2021\/06\/Feile-na-Bealtaine.Photos-Fiona-Morgan.206-1024x683.jpg 1024w, https:\/\/diseart.ie\/wp-content\/uploads\/2021\/06\/Feile-na-Bealtaine.Photos-Fiona-Morgan.206-300x200.jpg 300w, https:\/\/diseart.ie\/wp-content\/uploads\/2021\/06\/Feile-na-Bealtaine.Photos-Fiona-Morgan.206-768x512.jpg 768w, https:\/\/diseart.ie\/wp-content\/uploads\/2021\/06\/Feile-na-Bealtaine.Photos-Fiona-Morgan.206.jpg 1080w\" sizes=\"(max-width: 1024px) 100vw, 1024px\" \/>\t\t\t\t\t\t\t\t\t\t\t\t\t\t\t<\/div>\n\t\t\t\t<\/div>\n\t\t\t\t<div class=\"elementor-element elementor-element-de7164d elementor-widget elementor-widget-image\" data-id=\"de7164d\" data-element_type=\"widget\" data-widget_type=\"image.default\">\n\t\t\t\t<div class=\"elementor-widget-container\">\n\t\t\t\t\t\t\t\t\t\t\t\t\t\t\t<img decoding=\"async\" width=\"1024\" height=\"357\" src=\"https:\/\/diseart.ie\/wp-content\/uploads\/2021\/06\/biodiversity-sensory-1024x357.jpg\" class=\"attachment-large size-large wp-image-1474\" alt=\"overview of Diseart garden Mossie Donegan\" srcset=\"https:\/\/diseart.ie\/wp-content\/uploads\/2021\/06\/biodiversity-sensory-1024x357.jpg 1024w, https:\/\/diseart.ie\/wp-content\/uploads\/2021\/06\/biodiversity-sensory-300x105.jpg 300w, https:\/\/diseart.ie\/wp-content\/uploads\/2021\/06\/biodiversity-sensory-768x268.jpg 768w, https:\/\/diseart.ie\/wp-content\/uploads\/2021\/06\/biodiversity-sensory-1536x535.jpg 1536w, https:\/\/diseart.ie\/wp-content\/uploads\/2021\/06\/biodiversity-sensory-2048x714.jpg 2048w\" sizes=\"(max-width: 1024px) 100vw, 1024px\" \/>\t\t\t\t\t\t\t\t\t\t\t\t\t\t\t<\/div>\n\t\t\t\t<\/div>\n\t\t\t\t\t<\/div>\n\t\t<\/div>\n\t\t\t\t\t<\/div>\n\t\t<\/section>\n\t\t\t\t<\/div>\n\t\t","protected":false},"excerpt":{"rendered":"<p>Ceolchoirmeacha\/ Concerts Seo a leanas na ceolt\u00f3ir\u00ed a bheidh ag seimint i nG\u00e1ird\u00edn\u00ed an D\u00edsirt. T\u00e1imid bu\u00edoch d&#8217;Eala\u00edn na Gaeltachta as a dtaca\u00edocht. Beidh na coirmeacha seo saor in aisce ach beidh teora leis na huimhreacha do r\u00e9ir srianta na pand\u00e9ime. Beidh bosca\u00ed bailithe airgid ann m\u00e1s mian libh tac\u00fa le obair an D\u00edseart. Beir [&hellip;]<\/p>\n","protected":false},"author":4,"featured_media":0,"comment_status":"open","ping_status":"open","sticky":false,"template":"","format":"standard","meta":{"om_disable_all_campaigns":false,"_monsterinsights_skip_tracking":false,"_monsterinsights_sitenote_active":false,"_monsterinsights_sitenote_note":"","_monsterinsights_sitenote_category":0,"_uf_show_specific_survey":0,"_uf_disable_surveys":false,"ocean_post_layout":"","ocean_both_sidebars_style":"","ocean_both_sidebars_content_width":0,"ocean_both_sidebars_sidebars_width":0,"ocean_sidebar":"0","ocean_second_sidebar":"0","ocean_disable_margins":"enable","ocean_add_body_class":"","ocean_shortcode_before_top_bar":"","ocean_shortcode_after_top_bar":"","ocean_shortcode_before_header":"","ocean_shortcode_after_header":"","ocean_has_shortcode":"","ocean_shortcode_after_title":"","ocean_shortcode_before_footer_widgets":"","ocean_shortcode_after_footer_widgets":"","ocean_shortcode_before_footer_bottom":"","ocean_shortcode_after_footer_bottom":"","ocean_display_top_bar":"default","ocean_display_header":"default","ocean_header_style":"","ocean_center_header_left_menu":"0","ocean_custom_header_template":"0","ocean_custom_logo":0,"ocean_custom_retina_logo":0,"ocean_custom_logo_max_width":0,"ocean_custom_logo_tablet_max_width":0,"ocean_custom_logo_mobile_max_width":0,"ocean_custom_logo_max_height":0,"ocean_custom_logo_tablet_max_height":0,"ocean_custom_logo_mobile_max_height":0,"ocean_header_custom_menu":"0","ocean_menu_typo_font_family":"0","ocean_menu_typo_font_subset":"","ocean_menu_typo_font_size":0,"ocean_menu_typo_font_size_tablet":0,"ocean_menu_typo_font_size_mobile":0,"ocean_menu_typo_font_size_unit":"px","ocean_menu_typo_font_weight":"","ocean_menu_typo_font_weight_tablet":"","ocean_menu_typo_font_weight_mobile":"","ocean_menu_typo_transform":"","ocean_menu_typo_transform_tablet":"","ocean_menu_typo_transform_mobile":"","ocean_menu_typo_line_height":0,"ocean_menu_typo_line_height_tablet":0,"ocean_menu_typo_line_height_mobile":0,"ocean_menu_typo_line_height_unit":"","ocean_menu_typo_spacing":0,"ocean_menu_typo_spacing_tablet":0,"ocean_menu_typo_spacing_mobile":0,"ocean_menu_typo_spacing_unit":"","ocean_menu_link_color":"","ocean_menu_link_color_hover":"","ocean_menu_link_color_active":"","ocean_menu_link_background":"","ocean_menu_link_hover_background":"","ocean_menu_link_active_background":"","ocean_menu_social_links_bg":"","ocean_menu_social_hover_links_bg":"","ocean_menu_social_links_color":"","ocean_menu_social_hover_links_color":"","ocean_disable_title":"default","ocean_disable_heading":"default","ocean_post_title":"","ocean_post_subheading":"","ocean_post_title_style":"","ocean_post_title_background_color":"","ocean_post_title_background":0,"ocean_post_title_bg_image_position":"","ocean_post_title_bg_image_attachment":"","ocean_post_title_bg_image_repeat":"","ocean_post_title_bg_image_size":"","ocean_post_title_height":0,"ocean_post_title_bg_overlay":0.5,"ocean_post_title_bg_overlay_color":"","ocean_disable_breadcrumbs":"default","ocean_breadcrumbs_color":"","ocean_breadcrumbs_separator_color":"","ocean_breadcrumbs_links_color":"","ocean_breadcrumbs_links_hover_color":"","ocean_display_footer_widgets":"default","ocean_display_footer_bottom":"default","ocean_custom_footer_template":"0","ocean_post_oembed":"","ocean_post_self_hosted_media":"","ocean_post_video_embed":"","ocean_link_format":"","ocean_link_format_target":"self","ocean_quote_format":"","ocean_quote_format_link":"post","ocean_gallery_link_images":"off","ocean_gallery_id":[],"footnotes":""},"categories":[10],"tags":[],"class_list":["post-1851","post","type-post","status-publish","format-standard","hentry","category-uncategorized-ga","entry","owp-thumbs-layout-horizontal","owp-btn-normal","owp-tabs-layout-horizontal","has-no-thumbnails","has-product-nav"],"aioseo_notices":[],"yoast_head":"<!-- This site is optimized with the Yoast SEO plugin v26.4 - https:\/\/yoast.com\/wordpress\/plugins\/seo\/ -->\n<title>Ceolchoirmeacha sa Ghaird\u00edn - D\u00edseart Institute of Irish Spirituality and Culture in Dingle<\/title>\n<meta name=\"robots\" content=\"index, follow, max-snippet:-1, max-image-preview:large, max-video-preview:-1\" \/>\n<link rel=\"canonical\" href=\"https:\/\/diseart.ie\/ga\/ceolchoirmeacha-sa-ghairdin\/\" \/>\n<meta property=\"og:locale\" content=\"ga_IE\" \/>\n<meta property=\"og:type\" content=\"article\" \/>\n<meta property=\"og:title\" content=\"Ceolchoirmeacha sa Ghaird\u00edn - D\u00edseart Institute of Irish Spirituality and Culture in Dingle\" \/>\n<meta property=\"og:description\" content=\"Ceolchoirmeacha\/ Concerts Seo a leanas na ceolt\u00f3ir\u00ed a bheidh ag seimint i nG\u00e1ird\u00edn\u00ed an D\u00edsirt. T\u00e1imid bu\u00edoch d&#8217;Eala\u00edn na Gaeltachta as a dtaca\u00edocht. Beidh na coirmeacha seo saor in aisce ach beidh teora leis na huimhreacha do r\u00e9ir srianta na pand\u00e9ime. Beidh bosca\u00ed bailithe airgid ann m\u00e1s mian libh tac\u00fa le obair an D\u00edseart. Beir [&hellip;]\" \/>\n<meta property=\"og:url\" content=\"https:\/\/diseart.ie\/ga\/ceolchoirmeacha-sa-ghairdin\/\" \/>\n<meta property=\"og:site_name\" content=\"D\u00edseart Institute of Irish Spirituality and Culture in Dingle\" \/>\n<meta property=\"article:publisher\" content=\"https:\/\/www.facebook.com\/An-D%c3%adseart-262189877130385\/?ref=br_rs\" \/>\n<meta property=\"article:published_time\" content=\"2021-07-27T16:57:17+00:00\" \/>\n<meta property=\"article:modified_time\" content=\"2021-07-27T16:57:49+00:00\" \/>\n<meta property=\"og:image\" content=\"https:\/\/diseart.ie\/wp-content\/uploads\/2021\/06\/Feile-na-Bealtaine.Photos-Fiona-Morgan.206-1024x683.jpg\" \/>\n<meta name=\"author\" content=\"Joan Maguire\" \/>\n<meta name=\"twitter:card\" content=\"summary_large_image\" \/>\n<meta name=\"twitter:label1\" content=\"Written by\" \/>\n\t<meta name=\"twitter:data1\" content=\"Joan Maguire\" \/>\n\t<meta name=\"twitter:label2\" content=\"Est. reading time\" \/>\n\t<meta name=\"twitter:data2\" content=\"1 minute\" \/>\n<script type=\"application\/ld+json\" class=\"yoast-schema-graph\">{\"@context\":\"https:\/\/schema.org\",\"@graph\":[{\"@type\":\"Article\",\"@id\":\"https:\/\/diseart.ie\/ga\/ceolchoirmeacha-sa-ghairdin\/#article\",\"isPartOf\":{\"@id\":\"https:\/\/diseart.ie\/ga\/ceolchoirmeacha-sa-ghairdin\/\"},\"author\":{\"name\":\"Joan Maguire\",\"@id\":\"https:\/\/diseart.ie\/#\/schema\/person\/064982f8936daaba4eaa3178381fd41a\"},\"headline\":\"Ceolchoirmeacha sa Ghaird\u00edn\",\"datePublished\":\"2021-07-27T16:57:17+00:00\",\"dateModified\":\"2021-07-27T16:57:49+00:00\",\"mainEntityOfPage\":{\"@id\":\"https:\/\/diseart.ie\/ga\/ceolchoirmeacha-sa-ghairdin\/\"},\"wordCount\":159,\"commentCount\":0,\"publisher\":{\"@id\":\"https:\/\/diseart.ie\/#organization\"},\"image\":{\"@id\":\"https:\/\/diseart.ie\/ga\/ceolchoirmeacha-sa-ghairdin\/#primaryimage\"},\"thumbnailUrl\":\"https:\/\/diseart.ie\/wp-content\/uploads\/2021\/06\/Feile-na-Bealtaine.Photos-Fiona-Morgan.206-1024x683.jpg\",\"articleSection\":[\"Uncategorized @ga\"],\"inLanguage\":\"ga-IE\",\"potentialAction\":[{\"@type\":\"CommentAction\",\"name\":\"Comment\",\"target\":[\"https:\/\/diseart.ie\/ga\/ceolchoirmeacha-sa-ghairdin\/#respond\"]}]},{\"@type\":\"WebPage\",\"@id\":\"https:\/\/diseart.ie\/ga\/ceolchoirmeacha-sa-ghairdin\/\",\"url\":\"https:\/\/diseart.ie\/ga\/ceolchoirmeacha-sa-ghairdin\/\",\"name\":\"Ceolchoirmeacha sa Ghaird\u00edn - D\u00edseart Institute of Irish Spirituality and Culture in Dingle\",\"isPartOf\":{\"@id\":\"https:\/\/diseart.ie\/#website\"},\"primaryImageOfPage\":{\"@id\":\"https:\/\/diseart.ie\/ga\/ceolchoirmeacha-sa-ghairdin\/#primaryimage\"},\"image\":{\"@id\":\"https:\/\/diseart.ie\/ga\/ceolchoirmeacha-sa-ghairdin\/#primaryimage\"},\"thumbnailUrl\":\"https:\/\/diseart.ie\/wp-content\/uploads\/2021\/06\/Feile-na-Bealtaine.Photos-Fiona-Morgan.206-1024x683.jpg\",\"datePublished\":\"2021-07-27T16:57:17+00:00\",\"dateModified\":\"2021-07-27T16:57:49+00:00\",\"breadcrumb\":{\"@id\":\"https:\/\/diseart.ie\/ga\/ceolchoirmeacha-sa-ghairdin\/#breadcrumb\"},\"inLanguage\":\"ga-IE\",\"potentialAction\":[{\"@type\":\"ReadAction\",\"target\":[\"https:\/\/diseart.ie\/ga\/ceolchoirmeacha-sa-ghairdin\/\"]}]},{\"@type\":\"ImageObject\",\"inLanguage\":\"ga-IE\",\"@id\":\"https:\/\/diseart.ie\/ga\/ceolchoirmeacha-sa-ghairdin\/#primaryimage\",\"url\":\"https:\/\/diseart.ie\/wp-content\/uploads\/2021\/06\/Feile-na-Bealtaine.Photos-Fiona-Morgan.206-1024x683.jpg\",\"contentUrl\":\"https:\/\/diseart.ie\/wp-content\/uploads\/2021\/06\/Feile-na-Bealtaine.Photos-Fiona-Morgan.206-1024x683.jpg\"},{\"@type\":\"BreadcrumbList\",\"@id\":\"https:\/\/diseart.ie\/ga\/ceolchoirmeacha-sa-ghairdin\/#breadcrumb\",\"itemListElement\":[{\"@type\":\"ListItem\",\"position\":1,\"name\":\"Home\",\"item\":\"https:\/\/diseart.ie\/ga\/\"},{\"@type\":\"ListItem\",\"position\":2,\"name\":\"Ceolchoirmeacha sa Ghaird\u00edn\"}]},{\"@type\":\"WebSite\",\"@id\":\"https:\/\/diseart.ie\/#website\",\"url\":\"https:\/\/diseart.ie\/\",\"name\":\"D\u00edseart Institute of Irish Spirituality and Culture in Dingle\",\"description\":\"Dingle, Kerry, Ireland\",\"publisher\":{\"@id\":\"https:\/\/diseart.ie\/#organization\"},\"potentialAction\":[{\"@type\":\"SearchAction\",\"target\":{\"@type\":\"EntryPoint\",\"urlTemplate\":\"https:\/\/diseart.ie\/?s={search_term_string}\"},\"query-input\":{\"@type\":\"PropertyValueSpecification\",\"valueRequired\":true,\"valueName\":\"search_term_string\"}}],\"inLanguage\":\"ga-IE\"},{\"@type\":\"Organization\",\"@id\":\"https:\/\/diseart.ie\/#organization\",\"name\":\"D\u00edseart Centre of Irish Spirituality and Culture\",\"url\":\"https:\/\/diseart.ie\/\",\"logo\":{\"@type\":\"ImageObject\",\"inLanguage\":\"ga-IE\",\"@id\":\"https:\/\/diseart.ie\/#\/schema\/logo\/image\/\",\"url\":\"http:\/\/diseart.ie\/wp-content\/uploads\/2018\/06\/diseart-logo-v2.png\",\"contentUrl\":\"http:\/\/diseart.ie\/wp-content\/uploads\/2018\/06\/diseart-logo-v2.png\",\"width\":400,\"height\":150,\"caption\":\"D\u00edseart Centre of Irish Spirituality and Culture\"},\"image\":{\"@id\":\"https:\/\/diseart.ie\/#\/schema\/logo\/image\/\"},\"sameAs\":[\"https:\/\/www.facebook.com\/An-D\u00edseart-262189877130385\/?ref=br_rs\"]},{\"@type\":\"Person\",\"@id\":\"https:\/\/diseart.ie\/#\/schema\/person\/064982f8936daaba4eaa3178381fd41a\",\"name\":\"Joan Maguire\",\"image\":{\"@type\":\"ImageObject\",\"inLanguage\":\"ga-IE\",\"@id\":\"https:\/\/diseart.ie\/#\/schema\/person\/image\/\",\"url\":\"https:\/\/secure.gravatar.com\/avatar\/6b2d921a7d42db58382eed6b435a601071e5ff35cab3ab4986eee6ebd74e1842?s=96&d=mm&r=g\",\"contentUrl\":\"https:\/\/secure.gravatar.com\/avatar\/6b2d921a7d42db58382eed6b435a601071e5ff35cab3ab4986eee6ebd74e1842?s=96&d=mm&r=g\",\"caption\":\"Joan Maguire\"}}]}<\/script>\n<!-- \/ Yoast SEO plugin. -->","yoast_head_json":{"title":"Ceolchoirmeacha sa Ghaird\u00edn - D\u00edseart Institute of Irish Spirituality and Culture in Dingle","robots":{"index":"index","follow":"follow","max-snippet":"max-snippet:-1","max-image-preview":"max-image-preview:large","max-video-preview":"max-video-preview:-1"},"canonical":"https:\/\/diseart.ie\/ga\/ceolchoirmeacha-sa-ghairdin\/","og_locale":"ga_IE","og_type":"article","og_title":"Ceolchoirmeacha sa Ghaird\u00edn - D\u00edseart Institute of Irish Spirituality and Culture in Dingle","og_description":"Ceolchoirmeacha\/ Concerts Seo a leanas na ceolt\u00f3ir\u00ed a bheidh ag seimint i nG\u00e1ird\u00edn\u00ed an D\u00edsirt. T\u00e1imid bu\u00edoch d&#8217;Eala\u00edn na Gaeltachta as a dtaca\u00edocht. Beidh na coirmeacha seo saor in aisce ach beidh teora leis na huimhreacha do r\u00e9ir srianta na pand\u00e9ime. Beidh bosca\u00ed bailithe airgid ann m\u00e1s mian libh tac\u00fa le obair an D\u00edseart. Beir [&hellip;]","og_url":"https:\/\/diseart.ie\/ga\/ceolchoirmeacha-sa-ghairdin\/","og_site_name":"D\u00edseart Institute of Irish Spirituality and Culture in Dingle","article_publisher":"https:\/\/www.facebook.com\/An-D%c3%adseart-262189877130385\/?ref=br_rs","article_published_time":"2021-07-27T16:57:17+00:00","article_modified_time":"2021-07-27T16:57:49+00:00","og_image":[{"url":"https:\/\/diseart.ie\/wp-content\/uploads\/2021\/06\/Feile-na-Bealtaine.Photos-Fiona-Morgan.206-1024x683.jpg","type":"","width":"","height":""}],"author":"Joan Maguire","twitter_card":"summary_large_image","twitter_misc":{"Written by":"Joan Maguire","Est. reading time":"1 minute"},"schema":{"@context":"https:\/\/schema.org","@graph":[{"@type":"Article","@id":"https:\/\/diseart.ie\/ga\/ceolchoirmeacha-sa-ghairdin\/#article","isPartOf":{"@id":"https:\/\/diseart.ie\/ga\/ceolchoirmeacha-sa-ghairdin\/"},"author":{"name":"Joan Maguire","@id":"https:\/\/diseart.ie\/#\/schema\/person\/064982f8936daaba4eaa3178381fd41a"},"headline":"Ceolchoirmeacha sa Ghaird\u00edn","datePublished":"2021-07-27T16:57:17+00:00","dateModified":"2021-07-27T16:57:49+00:00","mainEntityOfPage":{"@id":"https:\/\/diseart.ie\/ga\/ceolchoirmeacha-sa-ghairdin\/"},"wordCount":159,"commentCount":0,"publisher":{"@id":"https:\/\/diseart.ie\/#organization"},"image":{"@id":"https:\/\/diseart.ie\/ga\/ceolchoirmeacha-sa-ghairdin\/#primaryimage"},"thumbnailUrl":"https:\/\/diseart.ie\/wp-content\/uploads\/2021\/06\/Feile-na-Bealtaine.Photos-Fiona-Morgan.206-1024x683.jpg","articleSection":["Uncategorized @ga"],"inLanguage":"ga-IE","potentialAction":[{"@type":"CommentAction","name":"Comment","target":["https:\/\/diseart.ie\/ga\/ceolchoirmeacha-sa-ghairdin\/#respond"]}]},{"@type":"WebPage","@id":"https:\/\/diseart.ie\/ga\/ceolchoirmeacha-sa-ghairdin\/","url":"https:\/\/diseart.ie\/ga\/ceolchoirmeacha-sa-ghairdin\/","name":"Ceolchoirmeacha sa Ghaird\u00edn - D\u00edseart Institute of Irish Spirituality and Culture in Dingle","isPartOf":{"@id":"https:\/\/diseart.ie\/#website"},"primaryImageOfPage":{"@id":"https:\/\/diseart.ie\/ga\/ceolchoirmeacha-sa-ghairdin\/#primaryimage"},"image":{"@id":"https:\/\/diseart.ie\/ga\/ceolchoirmeacha-sa-ghairdin\/#primaryimage"},"thumbnailUrl":"https:\/\/diseart.ie\/wp-content\/uploads\/2021\/06\/Feile-na-Bealtaine.Photos-Fiona-Morgan.206-1024x683.jpg","datePublished":"2021-07-27T16:57:17+00:00","dateModified":"2021-07-27T16:57:49+00:00","breadcrumb":{"@id":"https:\/\/diseart.ie\/ga\/ceolchoirmeacha-sa-ghairdin\/#breadcrumb"},"inLanguage":"ga-IE","potentialAction":[{"@type":"ReadAction","target":["https:\/\/diseart.ie\/ga\/ceolchoirmeacha-sa-ghairdin\/"]}]},{"@type":"ImageObject","inLanguage":"ga-IE","@id":"https:\/\/diseart.ie\/ga\/ceolchoirmeacha-sa-ghairdin\/#primaryimage","url":"https:\/\/diseart.ie\/wp-content\/uploads\/2021\/06\/Feile-na-Bealtaine.Photos-Fiona-Morgan.206-1024x683.jpg","contentUrl":"https:\/\/diseart.ie\/wp-content\/uploads\/2021\/06\/Feile-na-Bealtaine.Photos-Fiona-Morgan.206-1024x683.jpg"},{"@type":"BreadcrumbList","@id":"https:\/\/diseart.ie\/ga\/ceolchoirmeacha-sa-ghairdin\/#breadcrumb","itemListElement":[{"@type":"ListItem","position":1,"name":"Home","item":"https:\/\/diseart.ie\/ga\/"},{"@type":"ListItem","position":2,"name":"Ceolchoirmeacha sa Ghaird\u00edn"}]},{"@type":"WebSite","@id":"https:\/\/diseart.ie\/#website","url":"https:\/\/diseart.ie\/","name":"D\u00edseart Institute of Irish Spirituality and Culture in Dingle","description":"Dingle, Kerry, Ireland","publisher":{"@id":"https:\/\/diseart.ie\/#organization"},"potentialAction":[{"@type":"SearchAction","target":{"@type":"EntryPoint","urlTemplate":"https:\/\/diseart.ie\/?s={search_term_string}"},"query-input":{"@type":"PropertyValueSpecification","valueRequired":true,"valueName":"search_term_string"}}],"inLanguage":"ga-IE"},{"@type":"Organization","@id":"https:\/\/diseart.ie\/#organization","name":"D\u00edseart Centre of Irish Spirituality and Culture","url":"https:\/\/diseart.ie\/","logo":{"@type":"ImageObject","inLanguage":"ga-IE","@id":"https:\/\/diseart.ie\/#\/schema\/logo\/image\/","url":"http:\/\/diseart.ie\/wp-content\/uploads\/2018\/06\/diseart-logo-v2.png","contentUrl":"http:\/\/diseart.ie\/wp-content\/uploads\/2018\/06\/diseart-logo-v2.png","width":400,"height":150,"caption":"D\u00edseart Centre of Irish Spirituality and Culture"},"image":{"@id":"https:\/\/diseart.ie\/#\/schema\/logo\/image\/"},"sameAs":["https:\/\/www.facebook.com\/An-D\u00edseart-262189877130385\/?ref=br_rs"]},{"@type":"Person","@id":"https:\/\/diseart.ie\/#\/schema\/person\/064982f8936daaba4eaa3178381fd41a","name":"Joan Maguire","image":{"@type":"ImageObject","inLanguage":"ga-IE","@id":"https:\/\/diseart.ie\/#\/schema\/person\/image\/","url":"https:\/\/secure.gravatar.com\/avatar\/6b2d921a7d42db58382eed6b435a601071e5ff35cab3ab4986eee6ebd74e1842?s=96&d=mm&r=g","contentUrl":"https:\/\/secure.gravatar.com\/avatar\/6b2d921a7d42db58382eed6b435a601071e5ff35cab3ab4986eee6ebd74e1842?s=96&d=mm&r=g","caption":"Joan Maguire"}}]}},"_links":{"self":[{"href":"https:\/\/diseart.ie\/ga\/wp-json\/wp\/v2\/posts\/1851","targetHints":{"allow":["GET"]}}],"collection":[{"href":"https:\/\/diseart.ie\/ga\/wp-json\/wp\/v2\/posts"}],"about":[{"href":"https:\/\/diseart.ie\/ga\/wp-json\/wp\/v2\/types\/post"}],"author":[{"embeddable":true,"href":"https:\/\/diseart.ie\/ga\/wp-json\/wp\/v2\/users\/4"}],"replies":[{"embeddable":true,"href":"https:\/\/diseart.ie\/ga\/wp-json\/wp\/v2\/comments?post=1851"}],"version-history":[{"count":4,"href":"https:\/\/diseart.ie\/ga\/wp-json\/wp\/v2\/posts\/1851\/revisions"}],"predecessor-version":[{"id":1855,"href":"https:\/\/diseart.ie\/ga\/wp-json\/wp\/v2\/posts\/1851\/revisions\/1855"}],"wp:attachment":[{"href":"https:\/\/diseart.ie\/ga\/wp-json\/wp\/v2\/media?parent=1851"}],"wp:term":[{"taxonomy":"category","embeddable":true,"href":"https:\/\/diseart.ie\/ga\/wp-json\/wp\/v2\/categories?post=1851"},{"taxonomy":"post_tag","embeddable":true,"href":"https:\/\/diseart.ie\/ga\/wp-json\/wp\/v2\/tags?post=1851"}],"curies":[{"name":"wp","href":"https:\/\/api.w.org\/{rel}","templated":true}]}}